{"id":555,"date":"2021-06-11T13:55:28","date_gmt":"2021-06-11T16:55:28","guid":{"rendered":"https:\/\/sambapunk.com.br\/?p=555"},"modified":"2021-06-11T14:00:20","modified_gmt":"2021-06-11T17:00:20","slug":"um-poeminha-nao-doi","status":"publish","type":"post","link":"https:\/\/sambapunk.com.br\/?p=555","title":{"rendered":"Um poeminha n\u00e3o d\u00f3i"},"content":{"rendered":"\n<figure class=\"wp-block-image size-large\"><img loading=\"lazy\" decoding=\"async\" width=\"768\" height=\"1024\" src=\"https:\/\/sambapunk.com.br\/wp-content\/uploads\/2021\/06\/Capa-de-SETE-POEMAS-DE-CASULO-E-FUGA-768x1024.jpg\" alt=\"\" class=\"wp-image-554\" srcset=\"https:\/\/sambapunk.com.br\/wp-content\/uploads\/2021\/06\/Capa-de-SETE-POEMAS-DE-CASULO-E-FUGA-768x1024.jpg 768w, https:\/\/sambapunk.com.br\/wp-content\/uploads\/2021\/06\/Capa-de-SETE-POEMAS-DE-CASULO-E-FUGA-225x300.jpg 225w, https:\/\/sambapunk.com.br\/wp-content\/uploads\/2021\/06\/Capa-de-SETE-POEMAS-DE-CASULO-E-FUGA-1152x1536.jpg 1152w, https:\/\/sambapunk.com.br\/wp-content\/uploads\/2021\/06\/Capa-de-SETE-POEMAS-DE-CASULO-E-FUGA-1200x1600.jpg 1200w, https:\/\/sambapunk.com.br\/wp-content\/uploads\/2021\/06\/Capa-de-SETE-POEMAS-DE-CASULO-E-FUGA-rotated.jpg 1512w\" sizes=\"auto, (max-width: 768px) 100vw, 768px\" \/><figcaption>Detalhe da capa de &#8220;Sete poemas de casulo e fuga&#8221;, de Carolina Medeiros<\/figcaption><\/figure>\n\n\n\n<p>&#8220;Perder-me \/ H\u00e1 de acontecer \/ A ti \/ E a mim&#8221; \u00c9 assim que Carolina Medeiros come\u00e7a batendo em &#8220;Sete poemas de casulo e fuga&#8221;. Batendo porque isso \u00e9 sim um tapa na cara e, v\u00e1 l\u00e1, porque o trabalho \u00e9 todo feito co&#8217;uma m\u00e1quina de escrever. Suspire a\u00ed voc\u00ea tamb\u00e9m. \u00c9 o tipo de empreitada que faz a gente lembrar prazerosamente de d\u00e9cadas atr\u00e1s, quando era mais comum ver zines xerocados circulando por a\u00ed. Naquela \u00e9poca, anos 80 e 90, de vez em quando, um deles gritava na cara do leitor. Ou, como \u00e9 o caso deste aqui, chegava ressoando como um tabefe.<\/p>\n\n\n\n<p>A gente precisa de tapa na cara? Por que a gente precisa de tapa na cara? Vamos descartar as respostas que a Pol\u00edcia eventualmente tenha para nos dar. E tamb\u00e9m n\u00e3o precisa achar que bater \u00e9 a meta da autora deste zine. O que n\u00e3o d\u00e1 pra fazer \u00e9 ficar sem sentir o que ela provoca.<\/p>\n\n\n\n<p>&#8220;Sete poemas de casulo e fuga&#8221; tem tamb\u00e9m umas figuras, no miolo. De casulos. E de insetos. N\u00e3o chega a ser um p\u00f4ster central. A gente passa por l\u00e1 e quer voltar logo para o que est\u00e1 escrito. Mas&#8230; CM n\u00e3o \u00e9 de dar ponto sem n\u00f3 e&#8230; Algumas visitas depois, surge a impress\u00e3o de que aquilo, ali, de alguma maneira, reafirma a posi\u00e7\u00e3o &#8220;feminista&#8221; da artista.<\/p>\n\n\n\n<p>Vamos agora jogar uma luz no detalhe da encaderna\u00e7\u00e3o: as p\u00e1ginas s\u00e3o presas por uma linha e dois n\u00f3s. Uma refer\u00eancia aos bordados com que a autora tamb\u00e9m trabalha? Um mimo? \u00c9 l\u00e1 e c\u00e1, o neg\u00f3cio: um detalhe fofo, um sopapo. Um mata-le\u00e3o, um afago\/abra\u00e7o. Aten\u00e7\u00e3o!<\/p>\n\n\n\n<p>D\u00e1 para dizer que os poemas s\u00e3o densos. D\u00e1 para dizer que s\u00e3o confessionais. Lidos de uma tacada, os versos parecem montar um filminho. Com figurino bem pensado\/caprichado, claro. Carolina Medeiros capricha. Entre em contato com ela por e-mail: carolamedeiros@gmail.com.<\/p>\n","protected":false},"excerpt":{"rendered":"<p>&#8220;Perder-me \/ H\u00e1 de acontecer \/ A ti \/ E a mim&#8221; \u00c9 assim que Carolina Medeiros come\u00e7a batendo em &#8220;Sete poemas de casulo e fuga&#8221;. Batendo porque isso \u00e9 sim um tapa na cara e, v\u00e1 l\u00e1, porque o trabalho \u00e9 todo feito co&#8217;uma m\u00e1quina de escrever. Suspire a\u00ed voc\u00ea tamb\u00e9m. \u00c9 o tipo [&hellip;]<\/p>\n","protected":false},"author":1,"featured_media":0,"comment_status":"open","ping_status":"open","sticky":false,"template":"","format":"standard","meta":{"footnotes":""},"categories":[15,43,22,68,66,44,17],"tags":[702,696,698,147,697,85,699,701,700,703],"class_list":["post-555","post","type-post","status-publish","format-standard","hentry","category-arte","category-critica","category-literatice","category-parece-poesia","category-poesia","category-resenha","category-xxx","tag-capricho","tag-carolina-medeiros","tag-casulo","tag-fanzine","tag-feminismo","tag-poesia","tag-policia","tag-resenha","tag-tapa-na-cara","tag-xerox"],"yoast_head":"<!-- This site is optimized with the Yoast SEO plugin v14.0.4 - https:\/\/yoast.com\/wordpress\/plugins\/seo\/ -->\n<title>Um poeminha n\u00e3o d\u00f3i - sambapunk<\/title>\n<meta name=\"robots\" content=\"index, follow\" \/>\n<meta name=\"googlebot\" content=\"index, follow, max-snippet:-1, max-image-preview:large, max-video-preview:-1\" \/>\n<meta name=\"bingbot\" content=\"index, follow, max-snippet:-1, max-image-preview:large, max-video-preview:-1\" \/>\n<link rel=\"canonical\" href=\"https:\/\/sambapunk.com.br\/?p=555\" \/>\n<meta property=\"og:locale\" content=\"pt_BR\" \/>\n<meta property=\"og:type\" content=\"article\" \/>\n<meta property=\"og:title\" content=\"Um poeminha n\u00e3o d\u00f3i - sambapunk\" \/>\n<meta property=\"og:description\" content=\"&#8220;Perder-me \/ H\u00e1 de acontecer \/ A ti \/ E a mim&#8221; \u00c9 assim que Carolina Medeiros come\u00e7a batendo em &#8220;Sete poemas de casulo e fuga&#8221;. Batendo porque isso \u00e9 sim um tapa na cara e, v\u00e1 l\u00e1, porque o trabalho \u00e9 todo feito co&#8217;uma m\u00e1quina de escrever. Suspire a\u00ed voc\u00ea tamb\u00e9m. \u00c9 o tipo [&hellip;]\" \/>\n<meta property=\"og:url\" content=\"https:\/\/sambapunk.com.br\/?p=555\" \/>\n<meta property=\"og:site_name\" content=\"sambapunk\" \/>\n<meta property=\"article:published_time\" content=\"2021-06-11T16:55:28+00:00\" \/>\n<meta property=\"article:modified_time\" content=\"2021-06-11T17:00:20+00:00\" \/>\n<meta property=\"og:image\" content=\"https:\/\/sambapunk.com.br\/wp-content\/uploads\/2021\/06\/Capa-de-SETE-POEMAS-DE-CASULO-E-FUGA-768x1024.jpg\" \/>\n<meta name=\"twitter:card\" content=\"summary_large_image\" \/>\n<script type=\"application\/ld+json\" class=\"yoast-schema-graph\">{\"@context\":\"https:\/\/schema.org\",\"@graph\":[{\"@type\":\"WebSite\",\"@id\":\"https:\/\/sambapunk.com.br\/#website\",\"url\":\"https:\/\/sambapunk.com.br\/\",\"name\":\"sambapunk\",\"description\":\"\",\"potentialAction\":[{\"@type\":\"SearchAction\",\"target\":\"https:\/\/sambapunk.com.br\/?s={search_term_string}\",\"query-input\":\"required name=search_term_string\"}],\"inLanguage\":\"pt-BR\"},{\"@type\":\"ImageObject\",\"@id\":\"https:\/\/sambapunk.com.br\/?p=555#primaryimage\",\"inLanguage\":\"pt-BR\",\"url\":\"https:\/\/sambapunk.com.br\/wp-content\/uploads\/2021\/06\/Capa-de-SETE-POEMAS-DE-CASULO-E-FUGA-768x1024.jpg\"},{\"@type\":\"WebPage\",\"@id\":\"https:\/\/sambapunk.com.br\/?p=555#webpage\",\"url\":\"https:\/\/sambapunk.com.br\/?p=555\",\"name\":\"Um poeminha n\\u00e3o d\\u00f3i - sambapunk\",\"isPartOf\":{\"@id\":\"https:\/\/sambapunk.com.br\/#website\"},\"primaryImageOfPage\":{\"@id\":\"https:\/\/sambapunk.com.br\/?p=555#primaryimage\"},\"datePublished\":\"2021-06-11T16:55:28+00:00\",\"dateModified\":\"2021-06-11T17:00:20+00:00\",\"author\":{\"@id\":\"https:\/\/sambapunk.com.br\/#\/schema\/person\/fb3630fdfa003c4ed928306c08b7b121\"},\"inLanguage\":\"pt-BR\",\"potentialAction\":[{\"@type\":\"ReadAction\",\"target\":[\"https:\/\/sambapunk.com.br\/?p=555\"]}]},{\"@type\":[\"Person\"],\"@id\":\"https:\/\/sambapunk.com.br\/#\/schema\/person\/fb3630fdfa003c4ed928306c08b7b121\",\"name\":\"Adilson Pereira\",\"image\":{\"@type\":\"ImageObject\",\"@id\":\"https:\/\/sambapunk.com.br\/#personlogo\",\"inLanguage\":\"pt-BR\",\"url\":\"https:\/\/secure.gravatar.com\/avatar\/3eba92a6aecdf0ed174373a38e9a19ef4a1f022d17242e397e7c9ef930f9659e?s=96&d=mm&r=g\",\"caption\":\"Adilson Pereira\"}}]}<\/script>\n<!-- \/ Yoast SEO plugin. -->","_links":{"self":[{"href":"https:\/\/sambapunk.com.br\/index.php?rest_route=\/wp\/v2\/posts\/555","targetHints":{"allow":["GET"]}}],"collection":[{"href":"https:\/\/sambapunk.com.br\/index.php?rest_route=\/wp\/v2\/posts"}],"about":[{"href":"https:\/\/sambapunk.com.br\/index.php?rest_route=\/wp\/v2\/types\/post"}],"author":[{"embeddable":true,"href":"https:\/\/sambapunk.com.br\/index.php?rest_route=\/wp\/v2\/users\/1"}],"replies":[{"embeddable":true,"href":"https:\/\/sambapunk.com.br\/index.php?rest_route=%2Fwp%2Fv2%2Fcomments&post=555"}],"version-history":[{"count":1,"href":"https:\/\/sambapunk.com.br\/index.php?rest_route=\/wp\/v2\/posts\/555\/revisions"}],"predecessor-version":[{"id":556,"href":"https:\/\/sambapunk.com.br\/index.php?rest_route=\/wp\/v2\/posts\/555\/revisions\/556"}],"wp:attachment":[{"href":"https:\/\/sambapunk.com.br\/index.php?rest_route=%2Fwp%2Fv2%2Fmedia&parent=555"}],"wp:term":[{"taxonomy":"category","embeddable":true,"href":"https:\/\/sambapunk.com.br\/index.php?rest_route=%2Fwp%2Fv2%2Fcategories&post=555"},{"taxonomy":"post_tag","embeddable":true,"href":"https:\/\/sambapunk.com.br\/index.php?rest_route=%2Fwp%2Fv2%2Ftags&post=555"}],"curies":[{"name":"wp","href":"https:\/\/api.w.org\/{rel}","templated":true}]}}