{"id":524,"date":"2021-05-14T13:44:40","date_gmt":"2021-05-14T16:44:40","guid":{"rendered":"https:\/\/sambapunk.com.br\/?p=524"},"modified":"2021-05-14T13:49:12","modified_gmt":"2021-05-14T16:49:12","slug":"cheiro-de-diversao-digo-treta","status":"publish","type":"post","link":"https:\/\/sambapunk.com.br\/?p=524","title":{"rendered":"Cheiro de divers\u00e3o, digo, treta"},"content":{"rendered":"\n<figure class=\"wp-block-embed is-type-video is-provider-youtube wp-block-embed-youtube wp-embed-aspect-4-3 wp-has-aspect-ratio\"><div class=\"wp-block-embed__wrapper\">\n<iframe loading=\"lazy\" title=\"Cheiro de Treta\" width=\"580\" height=\"435\" src=\"https:\/\/www.youtube.com\/embed\/Fqa1LmKVifU?feature=oembed\" frameborder=\"0\" allow=\"accelerometer; autoplay; clipboard-write; encrypted-media; gyroscope; picture-in-picture; web-share\" referrerpolicy=\"strict-origin-when-cross-origin\" allowfullscreen><\/iframe>\n<\/div><\/figure>\n\n\n\n<p>O Z\u00e9 continua Sem Nome e Em Forma. Deu \u00e0 luz &#8220;Cheiro de treta&#8221;, faixa que vem com participa\u00e7\u00e3o dos ilustres Junior Abreu e Marco Homobono. O lance nasceu, segundo Z\u00e9 Felipe, a.k.a. ZSN, porque &#8220;o pessoal dum coletivo l\u00e1 de Curitiba pediu uma in\u00e9dita pruma colet\u00e2nea&#8221;. Quer dizer: em Curitiba h\u00e1, sim, pessoas a quem devemos agradecer por alguma coisa.<\/p>\n\n\n\n<p>Voc\u00ea passa um tempo sem ouvir o cl\u00e1ssico &#8220;Parece Rap&#8221; e este distanciamento te d\u00e1 \u2014 se ainda n\u00e3o tinha certeza \u2014 o que \u00e9 preciso para concluir que, sim, se trata(va) de um tro\u00e7o muito louco e muito bom. &#8220;Cheiro de treta&#8221; mant\u00e9m o nervosismo, uma avalanche de palavras que n\u00e3o \u00e9 um simples ca\u00f4 verborr\u00e1gico, mas, sim, a tradu\u00e7\u00e3o de uma postura (somente sonora?) peituda de quem parece estar chamando o ouvinte para uma porrada.<\/p>\n\n\n\n<p>Seguir a letra requer concentra\u00e7\u00e3o. D\u00e1 para identificar um refr\u00e3o, ali, mas vai transcrever, na inten\u00e7\u00e3o de fazer uma texto-resenha. D\u00e1 pra sacar bem o coro com as respostas do Homobono e do Abreu, quase construindo a cena de um baile funk-charme apocal\u00edptico. Vai; tenta, a\u00ed. &#8220;Cheiro de treta no ar, acho melhor nem falar nisso, a gente zoa e pede desculpa, (&#8230;) uns passinho e vamos dan\u00e7ar&#8230;&#8221; <\/p>\n\n\n\n<p>Tudo pautado por um certo desprendimento, um descompromisso, uma leveza que tempera a m\u00fasica com &#8220;atitude&#8221; e revela uma poesia mucho-mucho-loka. Pode rir. Porque o Z\u00e9 \u00e9 isso, \u00e9 pra te fazer rir. Te divertir. E fazer pensar. Pelo menos um pouco. Elaborar, sabe? Se n\u00e3o for pra isso, melhor procurar algu\u00e9m &#8220;com nome&#8221;, correndo o risco de perder toda uma divers\u00e3o.<\/p>\n","protected":false},"excerpt":{"rendered":"<p>O Z\u00e9 continua Sem Nome e Em Forma. Deu \u00e0 luz &#8220;Cheiro de treta&#8221;, faixa que vem com participa\u00e7\u00e3o dos ilustres Junior Abreu e Marco Homobono. O lance nasceu, segundo Z\u00e9 Felipe, a.k.a. ZSN, porque &#8220;o pessoal dum coletivo l\u00e1 de Curitiba pediu uma in\u00e9dita pruma colet\u00e2nea&#8221;. Quer dizer: em Curitiba h\u00e1, sim, pessoas a [&hellip;]<\/p>\n","protected":false},"author":1,"featured_media":0,"comment_status":"open","ping_status":"open","sticky":false,"template":"","format":"standard","meta":{"footnotes":""},"categories":[15,43,20,5,68,66,44,17],"tags":[673,670,676,672,671,674,85,675,669],"class_list":["post-524","post","type-post","status-publish","format-standard","hentry","category-arte","category-critica","category-cronica","category-musica","category-parece-poesia","category-poesia","category-resenha","category-xxx","tag-apocaliptico","tag-cheiro-de-treta","tag-coletanea","tag-coletivo","tag-curitiba","tag-parece-rap","tag-poesia","tag-ze-felipe","tag-ze-sem-nome"],"yoast_head":"<!-- This site is optimized with the Yoast SEO plugin v14.0.4 - https:\/\/yoast.com\/wordpress\/plugins\/seo\/ -->\n<title>Cheiro de divers\u00e3o, digo, treta - sambapunk<\/title>\n<meta name=\"robots\" content=\"index, follow\" \/>\n<meta name=\"googlebot\" content=\"index, follow, max-snippet:-1, max-image-preview:large, max-video-preview:-1\" \/>\n<meta name=\"bingbot\" content=\"index, follow, max-snippet:-1, max-image-preview:large, max-video-preview:-1\" \/>\n<link rel=\"canonical\" href=\"https:\/\/sambapunk.com.br\/?p=524\" \/>\n<meta property=\"og:locale\" content=\"pt_BR\" \/>\n<meta property=\"og:type\" content=\"article\" \/>\n<meta property=\"og:title\" content=\"Cheiro de divers\u00e3o, digo, treta - sambapunk\" \/>\n<meta property=\"og:description\" content=\"O Z\u00e9 continua Sem Nome e Em Forma. Deu \u00e0 luz &#8220;Cheiro de treta&#8221;, faixa que vem com participa\u00e7\u00e3o dos ilustres Junior Abreu e Marco Homobono. O lance nasceu, segundo Z\u00e9 Felipe, a.k.a. ZSN, porque &#8220;o pessoal dum coletivo l\u00e1 de Curitiba pediu uma in\u00e9dita pruma colet\u00e2nea&#8221;. Quer dizer: em Curitiba h\u00e1, sim, pessoas a [&hellip;]\" \/>\n<meta property=\"og:url\" content=\"https:\/\/sambapunk.com.br\/?p=524\" \/>\n<meta property=\"og:site_name\" content=\"sambapunk\" \/>\n<meta property=\"article:published_time\" content=\"2021-05-14T16:44:40+00:00\" \/>\n<meta property=\"article:modified_time\" content=\"2021-05-14T16:49:12+00:00\" \/>\n<meta name=\"twitter:card\" content=\"summary_large_image\" \/>\n<script type=\"application\/ld+json\" class=\"yoast-schema-graph\">{\"@context\":\"https:\/\/schema.org\",\"@graph\":[{\"@type\":\"WebSite\",\"@id\":\"https:\/\/sambapunk.com.br\/#website\",\"url\":\"https:\/\/sambapunk.com.br\/\",\"name\":\"sambapunk\",\"description\":\"\",\"potentialAction\":[{\"@type\":\"SearchAction\",\"target\":\"https:\/\/sambapunk.com.br\/?s={search_term_string}\",\"query-input\":\"required name=search_term_string\"}],\"inLanguage\":\"pt-BR\"},{\"@type\":\"WebPage\",\"@id\":\"https:\/\/sambapunk.com.br\/?p=524#webpage\",\"url\":\"https:\/\/sambapunk.com.br\/?p=524\",\"name\":\"Cheiro de divers\\u00e3o, digo, treta - sambapunk\",\"isPartOf\":{\"@id\":\"https:\/\/sambapunk.com.br\/#website\"},\"datePublished\":\"2021-05-14T16:44:40+00:00\",\"dateModified\":\"2021-05-14T16:49:12+00:00\",\"author\":{\"@id\":\"https:\/\/sambapunk.com.br\/#\/schema\/person\/fb3630fdfa003c4ed928306c08b7b121\"},\"inLanguage\":\"pt-BR\",\"potentialAction\":[{\"@type\":\"ReadAction\",\"target\":[\"https:\/\/sambapunk.com.br\/?p=524\"]}]},{\"@type\":[\"Person\"],\"@id\":\"https:\/\/sambapunk.com.br\/#\/schema\/person\/fb3630fdfa003c4ed928306c08b7b121\",\"name\":\"Adilson Pereira\",\"image\":{\"@type\":\"ImageObject\",\"@id\":\"https:\/\/sambapunk.com.br\/#personlogo\",\"inLanguage\":\"pt-BR\",\"url\":\"https:\/\/secure.gravatar.com\/avatar\/3eba92a6aecdf0ed174373a38e9a19ef4a1f022d17242e397e7c9ef930f9659e?s=96&d=mm&r=g\",\"caption\":\"Adilson Pereira\"}}]}<\/script>\n<!-- \/ Yoast SEO plugin. -->","_links":{"self":[{"href":"https:\/\/sambapunk.com.br\/index.php?rest_route=\/wp\/v2\/posts\/524","targetHints":{"allow":["GET"]}}],"collection":[{"href":"https:\/\/sambapunk.com.br\/index.php?rest_route=\/wp\/v2\/posts"}],"about":[{"href":"https:\/\/sambapunk.com.br\/index.php?rest_route=\/wp\/v2\/types\/post"}],"author":[{"embeddable":true,"href":"https:\/\/sambapunk.com.br\/index.php?rest_route=\/wp\/v2\/users\/1"}],"replies":[{"embeddable":true,"href":"https:\/\/sambapunk.com.br\/index.php?rest_route=%2Fwp%2Fv2%2Fcomments&post=524"}],"version-history":[{"count":1,"href":"https:\/\/sambapunk.com.br\/index.php?rest_route=\/wp\/v2\/posts\/524\/revisions"}],"predecessor-version":[{"id":526,"href":"https:\/\/sambapunk.com.br\/index.php?rest_route=\/wp\/v2\/posts\/524\/revisions\/526"}],"wp:attachment":[{"href":"https:\/\/sambapunk.com.br\/index.php?rest_route=%2Fwp%2Fv2%2Fmedia&parent=524"}],"wp:term":[{"taxonomy":"category","embeddable":true,"href":"https:\/\/sambapunk.com.br\/index.php?rest_route=%2Fwp%2Fv2%2Fcategories&post=524"},{"taxonomy":"post_tag","embeddable":true,"href":"https:\/\/sambapunk.com.br\/index.php?rest_route=%2Fwp%2Fv2%2Ftags&post=524"}],"curies":[{"name":"wp","href":"https:\/\/api.w.org\/{rel}","templated":true}]}}