{"id":240,"date":"2020-07-27T13:59:43","date_gmt":"2020-07-27T16:59:43","guid":{"rendered":"https:\/\/sambapunk.com.br\/?p=240"},"modified":"2020-07-29T17:51:48","modified_gmt":"2020-07-29T20:51:48","slug":"um-brinde-bebel","status":"publish","type":"post","link":"https:\/\/sambapunk.com.br\/?p=240","title":{"rendered":"Um brinde, Bebel"},"content":{"rendered":"\n<p>Para fugir da(s possibilidades de aglomera\u00e7\u00e3o), tr\u00eas caras marcam um encontro naquele que para o grupo \u00e9 o boteco-do-cora\u00e7\u00e3o. Em Copacabana, \u00e0s 14h de uma ter\u00e7a-feira. Ser\u00e3o apontados como exemplo de vagabundagem e v\u00e3o se orgulhar de defender a ess\u00eancia da carioquice. Sem falar que se os chopes forem como antigamente, tudo\/muito ter\u00e1 valido a pena. \u00c9 no que acreditam, estes irrespons\u00e1veis. O grande lamento \u00e9 que neste hor\u00e1rio o gar\u00e7om preferido deles, o Beto, ainda estar\u00e1 em casa. A promessa de beber apenas tr\u00eas copos \u00e9 isso, uma promessa. Em nome de velhos sonhos, que v\u00eam se desfazendo, cumprir o escrito, mesmo se estiver escrito no WApp, est\u00e1 com tudo. Cumprir o combinado \u00e9 o novo black. Mesmo de mentirinha. Mesmo para os irrespons\u00e1veis.<\/p>\n\n\n\n<p>Outro black parece ser o zine novo do MZK. Est\u00e1 l\u00e1 no Foicebook, um aperitivo, para quem quiser ver. Se \u00e9 para a gente ser engolido pela WWW e ainda por cima ser acusado de dar piti, que o azul seja outro diferente daquele do Foicebook, n\u00e9? Aquele tro\u00e7o l\u00e1 s\u00f3 pra de vez em quando mesmo, para colocar o link de uma cr\u00f4nica ou outra e, sem querer querendo, esbarrar com desenhos de caras como o Maur\u00edcio Zuffo Kuhlman. E do Sica. Tamb\u00e9m tinha um livro do Rafael Sica, anunciado l\u00e1. Tiragem baixa, acho que com assinatura. O min\u00fasculo e o gigante, conforme disseram tr\u00eas d\u00e9cadas atr\u00e1s, est\u00e3o se confirmando como tend\u00eancia. O min\u00fasculo, que s\u00e3o caras como estes artistas a\u00ed, est\u00e3o dando de dez nos gigantes. Esqueceram de falar nos miser\u00e1veis, naquelas palestras dos anos 90, e continuam esquecendo agora.<\/p>\n\n\n\n<p>Para lidar com gigantes, vale seguir as dicas sobre como ludibriar o algoritmo. Tem uma hist\u00f3ria de visitar p\u00e1ginas feitas por pessoas com as quais voc\u00ea n\u00e3o concorda muito. E at\u00e9 mesmo fazer coment\u00e1rios. Porque assim afrouxam-se os filtros sobre o que te \u00e9 oferecido na timeline. Que coisa, hein!? Perca a\u00ed uma tarde pensando, pra ver se encontra equivalente para isso nos tempos passados. Surge no ar a pergunta sobre a necessidade de ter filtros\/algoritmos para oferecerem aquilo que vamos consumir\/ler\/ouvir\/ver. Mas uma terceira acusa\u00e7\u00e3o de piti ningu\u00e9m aguenta. Desligar o aparelhinho est\u00e1 cada vez mais dif\u00edcil. Dir\u00e3o os esquerdopatas que &#8220;feliz era o porteiro, que mergulhava no radinho de pilha mas ainda tinha algum tempo para brigar sobre futebol&#8221;. <\/p>\n\n\n\n<p>Naquele lugar em que se encontram gigantes, an\u00f5es, blacks, whites, enfim, quem estiver de m\u00e1scara e n\u00e3o se importar com xingamento&#8230; bem ali, est\u00e3o os sonhos. Recorrentes, \u00e0s vezes, e nestes dias de Blade Runner se materializando em cada esquina. Como as bonecas com apar\u00eancia quase humana para quem se sente &#8220;s\u00f3&#8221;. O Z\u00e9 Sem Nome falava outro dia sobre rob\u00f4s e testes feitos com rob\u00f4s, sobre como isso desperta a compaix\u00e3o de certos humanos. Pois \u00e9, Z\u00e9, a humanidade, est\u00e1 mais do que se afei\u00e7oando \u00e0s m\u00e1quinas. Investindo neste tipo de &#8220;apar\u00eancia&#8221; para si mesmo, facilita muito as coisas para a ind\u00fastria. Eram prof\u00e9ticos os versos d&#8217;Os Replicantes, em &#8220;Astronauta&#8221;: &#8220;&#8230;Agora quando a lua cresce no c\u00e9u\/ Aperto contra o peito o cora\u00e7\u00e3o de Bebel\/ E aben\u00e7oo toda a ind\u00fastria eletr\u00f4nica\/ Por ter criado a minha nova esposa fiel\/ E molho a garganta tentando me livrar\/ Das \u00faltimas part\u00edculas de poeira lunar\/ Bebel ent\u00e3o percebe e come\u00e7a a chorar\/ E eu tenho medo que ela v\u00e1 enferrujar&#8230;&#8221;<\/p>\n\n\n\n<figure class=\"wp-block-image size-large\"><img loading=\"lazy\" decoding=\"async\" width=\"640\" height=\"644\" src=\"https:\/\/sambapunk.com.br\/wp-content\/uploads\/2020\/07\/mzk-image.png\" alt=\"\" class=\"wp-image-242\" srcset=\"https:\/\/sambapunk.com.br\/wp-content\/uploads\/2020\/07\/mzk-image.png 640w, https:\/\/sambapunk.com.br\/wp-content\/uploads\/2020\/07\/mzk-image-298x300.png 298w, https:\/\/sambapunk.com.br\/wp-content\/uploads\/2020\/07\/mzk-image-150x150.png 150w\" sizes=\"auto, (max-width: 640px) 100vw, 640px\" \/><\/figure>\n","protected":false},"excerpt":{"rendered":"<p>Para fugir da(s possibilidades de aglomera\u00e7\u00e3o), tr\u00eas caras marcam um encontro naquele que para o grupo \u00e9 o boteco-do-cora\u00e7\u00e3o. Em Copacabana, \u00e0s 14h de uma ter\u00e7a-feira. Ser\u00e3o apontados como exemplo de vagabundagem e v\u00e3o se orgulhar de defender a ess\u00eancia da carioquice. Sem falar que se os chopes forem como antigamente, tudo\/muito ter\u00e1 valido a [&hellip;]<\/p>\n","protected":false},"author":1,"featured_media":0,"comment_status":"open","ping_status":"open","sticky":false,"template":"","format":"standard","meta":{"footnotes":""},"categories":[8,20,45,22,5,11],"tags":[341,345,343,338,342,339,347,346,340,344],"class_list":["post-240","post","type-post","status-publish","format-standard","hentry","category-comportamento","category-cronica","category-ctrl-c-ctrl-v","category-literatice","category-musica","category-paulo-coelhismo","tag-adega-perola","tag-astronauta","tag-black","tag-blade-runner","tag-chope","tag-mzk","tag-piti","tag-replicantes","tag-sica","tag-sonhos"],"yoast_head":"<!-- This site is optimized with the Yoast SEO plugin v14.0.4 - https:\/\/yoast.com\/wordpress\/plugins\/seo\/ -->\n<title>Um brinde, Bebel - sambapunk<\/title>\n<meta name=\"robots\" content=\"index, follow\" \/>\n<meta name=\"googlebot\" content=\"index, follow, max-snippet:-1, max-image-preview:large, max-video-preview:-1\" \/>\n<meta name=\"bingbot\" content=\"index, follow, max-snippet:-1, max-image-preview:large, max-video-preview:-1\" \/>\n<link rel=\"canonical\" href=\"https:\/\/sambapunk.com.br\/?p=240\" \/>\n<meta property=\"og:locale\" content=\"pt_BR\" \/>\n<meta property=\"og:type\" content=\"article\" \/>\n<meta property=\"og:title\" content=\"Um brinde, Bebel - sambapunk\" \/>\n<meta property=\"og:description\" content=\"Para fugir da(s possibilidades de aglomera\u00e7\u00e3o), tr\u00eas caras marcam um encontro naquele que para o grupo \u00e9 o boteco-do-cora\u00e7\u00e3o. Em Copacabana, \u00e0s 14h de uma ter\u00e7a-feira. Ser\u00e3o apontados como exemplo de vagabundagem e v\u00e3o se orgulhar de defender a ess\u00eancia da carioquice. Sem falar que se os chopes forem como antigamente, tudo\/muito ter\u00e1 valido a [&hellip;]\" \/>\n<meta property=\"og:url\" content=\"https:\/\/sambapunk.com.br\/?p=240\" \/>\n<meta property=\"og:site_name\" content=\"sambapunk\" \/>\n<meta property=\"article:published_time\" content=\"2020-07-27T16:59:43+00:00\" \/>\n<meta property=\"article:modified_time\" content=\"2020-07-29T20:51:48+00:00\" \/>\n<meta property=\"og:image\" content=\"https:\/\/sambapunk.com.br\/wp-content\/uploads\/2020\/07\/mzk-image.png\" \/>\n<meta name=\"twitter:card\" content=\"summary_large_image\" \/>\n<script type=\"application\/ld+json\" class=\"yoast-schema-graph\">{\"@context\":\"https:\/\/schema.org\",\"@graph\":[{\"@type\":\"WebSite\",\"@id\":\"https:\/\/sambapunk.com.br\/#website\",\"url\":\"https:\/\/sambapunk.com.br\/\",\"name\":\"sambapunk\",\"description\":\"\",\"potentialAction\":[{\"@type\":\"SearchAction\",\"target\":\"https:\/\/sambapunk.com.br\/?s={search_term_string}\",\"query-input\":\"required name=search_term_string\"}],\"inLanguage\":\"pt-BR\"},{\"@type\":\"ImageObject\",\"@id\":\"https:\/\/sambapunk.com.br\/?p=240#primaryimage\",\"inLanguage\":\"pt-BR\",\"url\":\"https:\/\/sambapunk.com.br\/wp-content\/uploads\/2020\/07\/mzk-image.png\",\"width\":640,\"height\":644},{\"@type\":\"WebPage\",\"@id\":\"https:\/\/sambapunk.com.br\/?p=240#webpage\",\"url\":\"https:\/\/sambapunk.com.br\/?p=240\",\"name\":\"Um brinde, Bebel - sambapunk\",\"isPartOf\":{\"@id\":\"https:\/\/sambapunk.com.br\/#website\"},\"primaryImageOfPage\":{\"@id\":\"https:\/\/sambapunk.com.br\/?p=240#primaryimage\"},\"datePublished\":\"2020-07-27T16:59:43+00:00\",\"dateModified\":\"2020-07-29T20:51:48+00:00\",\"author\":{\"@id\":\"https:\/\/sambapunk.com.br\/#\/schema\/person\/fb3630fdfa003c4ed928306c08b7b121\"},\"inLanguage\":\"pt-BR\",\"potentialAction\":[{\"@type\":\"ReadAction\",\"target\":[\"https:\/\/sambapunk.com.br\/?p=240\"]}]},{\"@type\":[\"Person\"],\"@id\":\"https:\/\/sambapunk.com.br\/#\/schema\/person\/fb3630fdfa003c4ed928306c08b7b121\",\"name\":\"Adilson Pereira\",\"image\":{\"@type\":\"ImageObject\",\"@id\":\"https:\/\/sambapunk.com.br\/#personlogo\",\"inLanguage\":\"pt-BR\",\"url\":\"https:\/\/secure.gravatar.com\/avatar\/3eba92a6aecdf0ed174373a38e9a19ef4a1f022d17242e397e7c9ef930f9659e?s=96&d=mm&r=g\",\"caption\":\"Adilson Pereira\"}}]}<\/script>\n<!-- \/ Yoast SEO plugin. -->","_links":{"self":[{"href":"https:\/\/sambapunk.com.br\/index.php?rest_route=\/wp\/v2\/posts\/240","targetHints":{"allow":["GET"]}}],"collection":[{"href":"https:\/\/sambapunk.com.br\/index.php?rest_route=\/wp\/v2\/posts"}],"about":[{"href":"https:\/\/sambapunk.com.br\/index.php?rest_route=\/wp\/v2\/types\/post"}],"author":[{"embeddable":true,"href":"https:\/\/sambapunk.com.br\/index.php?rest_route=\/wp\/v2\/users\/1"}],"replies":[{"embeddable":true,"href":"https:\/\/sambapunk.com.br\/index.php?rest_route=%2Fwp%2Fv2%2Fcomments&post=240"}],"version-history":[{"count":3,"href":"https:\/\/sambapunk.com.br\/index.php?rest_route=\/wp\/v2\/posts\/240\/revisions"}],"predecessor-version":[{"id":247,"href":"https:\/\/sambapunk.com.br\/index.php?rest_route=\/wp\/v2\/posts\/240\/revisions\/247"}],"wp:attachment":[{"href":"https:\/\/sambapunk.com.br\/index.php?rest_route=%2Fwp%2Fv2%2Fmedia&parent=240"}],"wp:term":[{"taxonomy":"category","embeddable":true,"href":"https:\/\/sambapunk.com.br\/index.php?rest_route=%2Fwp%2Fv2%2Fcategories&post=240"},{"taxonomy":"post_tag","embeddable":true,"href":"https:\/\/sambapunk.com.br\/index.php?rest_route=%2Fwp%2Fv2%2Ftags&post=240"}],"curies":[{"name":"wp","href":"https:\/\/api.w.org\/{rel}","templated":true}]}}