{"id":228,"date":"2020-07-20T12:29:35","date_gmt":"2020-07-20T15:29:35","guid":{"rendered":"https:\/\/sambapunk.com.br\/?p=228"},"modified":"2020-07-20T12:31:05","modified_gmt":"2020-07-20T15:31:05","slug":"sol-e-lua","status":"publish","type":"post","link":"https:\/\/sambapunk.com.br\/?p=228","title":{"rendered":"Sol e Lua"},"content":{"rendered":"\n<p>Falar em hiato, quando voc\u00ea tem menos de duas d\u00e9cadas de vida, tem a ver com aulas de portugu\u00eas. Depois, \u00e9 uma danada de uma lacuna no tempo. Destas que te deixam com uma folga de mentirinha e \u00e0s vezes medo de pensar. Outro dia, numa tentativa de piada, um cara na rua comentou que o bom deste ano \u00e9 que, em 2021, ele vai dizer que est\u00e1 com a mesma idade porque 2020 n\u00e3o ter\u00e1 feito parte da contagem. N\u00e3o foi uma piada maravilhosa, mas serviu como tempero para este hiato que estamos todos vivendo. Naquele minuto, contribuiu com os humores de quem estava por perto.<\/p>\n\n\n\n<p>O domingo foi de sol e havia muita gente sem m\u00e1scara, na pra\u00e7a. Dona Marlene, num dos seus flashes de Rainha de Espadas, avisava que quem quisesse passar por ela para ir ao banheiro, ali no Salvatore Caf\u00e9, s\u00f3 tinha uma alternativa: cobrir a cara. As pessoas riam e obedeciam. Claro, n\u00e9!? E na segunda vez em que se aproximavam n\u00e3o esperavam por um novo aviso, j\u00e1 abriam suas pochetes e sacavam seus paninhos com el\u00e1sticos. Como tem gente usando pochete, meu Deus.<\/p>\n\n\n\n<p>\u00c9 tanta sede, tanta vontade de ir para a rua, que fica bem perigoso o risco de esquecer que o pesadelo ainda n\u00e3o passou. N\u00e3o acabou. Mesmo que haja menos discurso notadamente pessimista, entre um gole e outro, ainda podemos contar com os matem\u00e1ticos do apocalipse avisando sobre os n\u00fameros que caem no fim de semana porque ningu\u00e9m contabiliza direito a coisa, e, na segunda, tudo volta a subir, &#8220;sem falar nos pa\u00edses X e Y, onde o v\u00edrus parece ter voltado com for\u00e7a e j\u00e1 se ensaiam novos per\u00edodos de isolamento&#8221;.<\/p>\n\n\n\n<p>Sorrisos, mais do que nunca, revelam-se os melhores entre todos os entorpecentes. Ainda mais quando, por sorte, mesmo dispensando o paninho na cara, muita gente lembra de evitar os abra\u00e7os. Ah, tem o detalhe dos cotovelos. As pessoas usando os cotovelos umas para cumprimentarem as outras. Ser\u00e1 que dobram a quantidade de \u00e1lcool ali, naquela regi\u00e3o, quando chegam em casa? Fica a dica. Poderemos dizer, no futuro, que houve uma \u00e9poca em que as pessoas n\u00e3o se davam as m\u00e3os, para que fossem apertadas, mas, em vez disso, faziam um movimento que parecia o de um lan\u00e7ador no beisebol para oferecerem seus cotovelos e assim celebrarem um encontro. Isso tudo em pra\u00e7a p\u00fablica. <\/p>\n\n\n\n<p>Dez por cento de desconto em que mesmo, hein!? Um carro de som, anunciando promo\u00e7\u00f5es numa churrascaria, faz o favor de lembrar todo mundo que j\u00e1 \u00e9 segunda-feira. Podemos contar ainda com um pouco de sol, por sorte. H\u00e1 tamb\u00e9m uma mudan\u00e7a de lua garantida no calend\u00e1rio, para mais tarde. Mas, talvez por ser in\u00edcio de semana, dia de prosseguir com o trabalho mesmo sem saber bem como&#8230; Surge na boca aquele gosto amargo de hiato. Esse tro\u00e7o que n\u00e3o passa.<\/p>\n","protected":false},"excerpt":{"rendered":"<p>Falar em hiato, quando voc\u00ea tem menos de duas d\u00e9cadas de vida, tem a ver com aulas de portugu\u00eas. Depois, \u00e9 uma danada de uma lacuna no tempo. Destas que te deixam com uma folga de mentirinha e \u00e0s vezes medo de pensar. Outro dia, numa tentativa de piada, um cara na rua comentou que [&hellip;]<\/p>\n","protected":false},"author":1,"featured_media":0,"comment_status":"open","ping_status":"open","sticky":false,"template":"","format":"standard","meta":{"footnotes":""},"categories":[18,8,20,22,6],"tags":[315,312,314,310,311,25,313,290,107,309],"class_list":["post-228","post","type-post","status-publish","format-standard","hentry","category-beber","category-comportamento","category-cronica","category-literatice","category-umbigada","tag-cade-o-surdo","tag-cotovelo","tag-hiato","tag-lua","tag-marlene","tag-pandemia","tag-pochete","tag-sao-salvador","tag-saudade","tag-sol"],"yoast_head":"<!-- This site is optimized with the Yoast SEO plugin v14.0.4 - https:\/\/yoast.com\/wordpress\/plugins\/seo\/ -->\n<title>Sol e Lua - sambapunk<\/title>\n<meta name=\"robots\" content=\"index, follow\" \/>\n<meta name=\"googlebot\" content=\"index, follow, max-snippet:-1, max-image-preview:large, max-video-preview:-1\" \/>\n<meta name=\"bingbot\" content=\"index, follow, max-snippet:-1, max-image-preview:large, max-video-preview:-1\" \/>\n<link rel=\"canonical\" href=\"https:\/\/sambapunk.com.br\/?p=228\" \/>\n<meta property=\"og:locale\" content=\"pt_BR\" \/>\n<meta property=\"og:type\" content=\"article\" \/>\n<meta property=\"og:title\" content=\"Sol e Lua - sambapunk\" \/>\n<meta property=\"og:description\" content=\"Falar em hiato, quando voc\u00ea tem menos de duas d\u00e9cadas de vida, tem a ver com aulas de portugu\u00eas. Depois, \u00e9 uma danada de uma lacuna no tempo. Destas que te deixam com uma folga de mentirinha e \u00e0s vezes medo de pensar. Outro dia, numa tentativa de piada, um cara na rua comentou que [&hellip;]\" \/>\n<meta property=\"og:url\" content=\"https:\/\/sambapunk.com.br\/?p=228\" \/>\n<meta property=\"og:site_name\" content=\"sambapunk\" \/>\n<meta property=\"article:published_time\" content=\"2020-07-20T15:29:35+00:00\" \/>\n<meta property=\"article:modified_time\" content=\"2020-07-20T15:31:05+00:00\" \/>\n<meta name=\"twitter:card\" content=\"summary_large_image\" \/>\n<script type=\"application\/ld+json\" class=\"yoast-schema-graph\">{\"@context\":\"https:\/\/schema.org\",\"@graph\":[{\"@type\":\"WebSite\",\"@id\":\"https:\/\/sambapunk.com.br\/#website\",\"url\":\"https:\/\/sambapunk.com.br\/\",\"name\":\"sambapunk\",\"description\":\"\",\"potentialAction\":[{\"@type\":\"SearchAction\",\"target\":\"https:\/\/sambapunk.com.br\/?s={search_term_string}\",\"query-input\":\"required name=search_term_string\"}],\"inLanguage\":\"pt-BR\"},{\"@type\":\"WebPage\",\"@id\":\"https:\/\/sambapunk.com.br\/?p=228#webpage\",\"url\":\"https:\/\/sambapunk.com.br\/?p=228\",\"name\":\"Sol e Lua - sambapunk\",\"isPartOf\":{\"@id\":\"https:\/\/sambapunk.com.br\/#website\"},\"datePublished\":\"2020-07-20T15:29:35+00:00\",\"dateModified\":\"2020-07-20T15:31:05+00:00\",\"author\":{\"@id\":\"https:\/\/sambapunk.com.br\/#\/schema\/person\/fb3630fdfa003c4ed928306c08b7b121\"},\"inLanguage\":\"pt-BR\",\"potentialAction\":[{\"@type\":\"ReadAction\",\"target\":[\"https:\/\/sambapunk.com.br\/?p=228\"]}]},{\"@type\":[\"Person\"],\"@id\":\"https:\/\/sambapunk.com.br\/#\/schema\/person\/fb3630fdfa003c4ed928306c08b7b121\",\"name\":\"Adilson Pereira\",\"image\":{\"@type\":\"ImageObject\",\"@id\":\"https:\/\/sambapunk.com.br\/#personlogo\",\"inLanguage\":\"pt-BR\",\"url\":\"https:\/\/secure.gravatar.com\/avatar\/3eba92a6aecdf0ed174373a38e9a19ef4a1f022d17242e397e7c9ef930f9659e?s=96&d=mm&r=g\",\"caption\":\"Adilson Pereira\"}}]}<\/script>\n<!-- \/ Yoast SEO plugin. -->","_links":{"self":[{"href":"https:\/\/sambapunk.com.br\/index.php?rest_route=\/wp\/v2\/posts\/228","targetHints":{"allow":["GET"]}}],"collection":[{"href":"https:\/\/sambapunk.com.br\/index.php?rest_route=\/wp\/v2\/posts"}],"about":[{"href":"https:\/\/sambapunk.com.br\/index.php?rest_route=\/wp\/v2\/types\/post"}],"author":[{"embeddable":true,"href":"https:\/\/sambapunk.com.br\/index.php?rest_route=\/wp\/v2\/users\/1"}],"replies":[{"embeddable":true,"href":"https:\/\/sambapunk.com.br\/index.php?rest_route=%2Fwp%2Fv2%2Fcomments&post=228"}],"version-history":[{"count":1,"href":"https:\/\/sambapunk.com.br\/index.php?rest_route=\/wp\/v2\/posts\/228\/revisions"}],"predecessor-version":[{"id":229,"href":"https:\/\/sambapunk.com.br\/index.php?rest_route=\/wp\/v2\/posts\/228\/revisions\/229"}],"wp:attachment":[{"href":"https:\/\/sambapunk.com.br\/index.php?rest_route=%2Fwp%2Fv2%2Fmedia&parent=228"}],"wp:term":[{"taxonomy":"category","embeddable":true,"href":"https:\/\/sambapunk.com.br\/index.php?rest_route=%2Fwp%2Fv2%2Fcategories&post=228"},{"taxonomy":"post_tag","embeddable":true,"href":"https:\/\/sambapunk.com.br\/index.php?rest_route=%2Fwp%2Fv2%2Ftags&post=228"}],"curies":[{"name":"wp","href":"https:\/\/api.w.org\/{rel}","templated":true}]}}