{"id":115,"date":"2020-06-02T13:05:44","date_gmt":"2020-06-02T16:05:44","guid":{"rendered":"https:\/\/sambapunk.com.br\/?p=115"},"modified":"2020-06-02T13:12:31","modified_gmt":"2020-06-02T16:12:31","slug":"velocidade","status":"publish","type":"post","link":"https:\/\/sambapunk.com.br\/?p=115","title":{"rendered":"Velocidade"},"content":{"rendered":"\n<p>O cara leva um dia inteiro para entender que precisa colocar nas redes sociais um adesivo que o qualifique como antifascista. Veja s\u00f3, um dia quase inteiro correndo o risco de ser considerado um &#8220;antifascista lento demais&#8221;. Para dizer o m\u00ednimo, porque a era da p\u00f3s-verdade tamb\u00e9m \u00e9 a dos julgamentos-velozes-e-furiosos. A pandemia estava a\u00ed, quem diria, tamb\u00e9m para ensinar as pessoas a serem mais r\u00e1pidas. Na manh\u00e3 seguinte, senso de interpreta\u00e7\u00e3o j\u00e1 mais agu\u00e7ado, fica f\u00e1cil o cidad\u00e3o da internet perceber, ap\u00f3s ver 17 perfis exibindo um quadro completamente preto, que tem alguma coisa no ar para ser entendida\/seguida\/comprada.<\/p>\n\n\n\n<p>\u00c9 hora de pintar tudo de preto, n\u00e3o de pensar em m\u00fasica e em cores? Teve uma artista pl\u00e1stica, muito engajada, por sinal, que parece que sem querer querendo furou isso. N\u00e3o que ela discorde da #blackouttuesday, mas \u00e9 que o trabalho que vinha sendo elaborado h\u00e1 semanas por acaso \u00e9 bem bem bem colorido e no impulso ela publicou aquela imagem. Deve ter acordado cedo demais, antes do in\u00edcio da onda de quadros pretos. Ou foi dormir tarde, ontem. Teve um feedback positivo, talvez por ter mais tarde pedido desculpas, o que prova que as pessoas, isto \u00e9, algumas pessoas, s\u00e3o capazes de apertar o bot\u00e3o do preto e o bot\u00e3o das cores, nas horas certas, sem que isso se transforme num problema. Outra li\u00e7\u00e3o da pandemia: manter a concentra\u00e7\u00e3o e o esfor\u00e7o para conversar.<\/p>\n\n\n\n<p>Claro que n\u00e3o \u00e9 sempre que d\u00e1 para levar um lero. J\u00e1 deu tempo de ver em a\u00e7\u00e3o quem tentasse conduzir essa pauta do preto nas telas com uma argumenta\u00e7\u00e3o, digamos, t\u00e9cnica. Um papinho de que &#8220;preto \u00e9 aus\u00eancia de cor&#8221; e &#8220;branco \u00e9 a soma de todas as cores&#8221;. Pouca coisa \u00e9 mais irritante do que ver alma sebosa tentando se dar bem no palco. Se isso j\u00e1 \u00e9 chato em dias &#8220;normais&#8221;, imagine num per\u00edodo de exce\u00e7\u00e3o&#8230;<\/p>\n\n\n\n<p>Essa hist\u00f3ria de blecaute tamb\u00e9m pode levar a gente a pensar em sons. Tem as esquisitices eletr\u00f4nicas \u2014 no bom sentido \u2014 de sempre. Mas essa onda toda de viol\u00eancia, que \u00e0s vezes pelo menos em pensamento \u00e9 capaz de nos levar ao s\u00e9culo passado, quase ainda ao retrasado, pode nos fazer tamb\u00e9m revisitar cl\u00e1ssicos. Como &#8220;Paint it, black&#8221;, dos Stones. Se for para voltar ao passado, vendo as fascistices do Poder ferrarem a cabe\u00e7a da gente, com medo da pol\u00edcia de um lado e do web-tribunal de outro, fa\u00e7amos uma viagem que ao menos tenha trilha sonora. <\/p>\n\n\n\n<p>Por mais mainstream que seja, Stones merecem uma chance de nos embalar\/ajudar a\u00ed. Richards e Jagger erraram e acertaram muitas vezes. <a href=\"https:\/\/www.youtube.com\/watch?v=O4irXQhgMqg\" target=\"_blank\" rel=\"noreferrer noopener\">&#8220;Paint it, black&#8221;<\/a>, com certeza, \u00e9 um dos acertos. E se o engajamento no protesto pode, de alguma modo, valer-se da oportunidade para promover algo, digamos, po\u00e9tico\/colorido, que a m\u00fasica \u2014 sim! \u2014 entre em cena. N\u00e9? Que ela seja ouvida e sentida. E que os corpos e almas que est\u00e3o sendo baleados e sufocados tenham uma chance de vibrar sob versos e acordes inspiradores \u2014 para eles e para os que ainda est\u00e3o vivos.<\/p>\n\n\n\n<p><\/p>\n","protected":false},"excerpt":{"rendered":"<p>O cara leva um dia inteiro para entender que precisa colocar nas redes sociais um adesivo que o qualifique como antifascista. Veja s\u00f3, um dia quase inteiro correndo o risco de ser considerado um &#8220;antifascista lento demais&#8221;. Para dizer o m\u00ednimo, porque a era da p\u00f3s-verdade tamb\u00e9m \u00e9 a dos julgamentos-velozes-e-furiosos. A pandemia estava a\u00ed, [&hellip;]<\/p>\n","protected":false},"author":1,"featured_media":0,"comment_status":"open","ping_status":"open","sticky":false,"template":"","format":"standard","meta":{"footnotes":""},"categories":[8,20,5,11],"tags":[128,124,125,36,126,129,25,127],"class_list":["post-115","post","type-post","status-publish","format-standard","hentry","category-comportamento","category-cronica","category-musica","category-paulo-coelhismo","tag-almasebosasaifora","tag-blackouttuesday","tag-cores","tag-cronica","tag-forabolsonaro","tag-paititblack","tag-pandemia","tag-sepuderfiqueemcasa"],"yoast_head":"<!-- This site is optimized with the Yoast SEO plugin v14.0.4 - https:\/\/yoast.com\/wordpress\/plugins\/seo\/ -->\n<title>Velocidade - sambapunk<\/title>\n<meta name=\"robots\" content=\"index, follow\" \/>\n<meta name=\"googlebot\" content=\"index, follow, max-snippet:-1, max-image-preview:large, max-video-preview:-1\" \/>\n<meta name=\"bingbot\" content=\"index, follow, max-snippet:-1, max-image-preview:large, max-video-preview:-1\" \/>\n<link rel=\"canonical\" href=\"https:\/\/sambapunk.com.br\/?p=115\" \/>\n<meta property=\"og:locale\" content=\"pt_BR\" \/>\n<meta property=\"og:type\" content=\"article\" \/>\n<meta property=\"og:title\" content=\"Velocidade - sambapunk\" \/>\n<meta property=\"og:description\" content=\"O cara leva um dia inteiro para entender que precisa colocar nas redes sociais um adesivo que o qualifique como antifascista. Veja s\u00f3, um dia quase inteiro correndo o risco de ser considerado um &#8220;antifascista lento demais&#8221;. Para dizer o m\u00ednimo, porque a era da p\u00f3s-verdade tamb\u00e9m \u00e9 a dos julgamentos-velozes-e-furiosos. A pandemia estava a\u00ed, [&hellip;]\" \/>\n<meta property=\"og:url\" content=\"https:\/\/sambapunk.com.br\/?p=115\" \/>\n<meta property=\"og:site_name\" content=\"sambapunk\" \/>\n<meta property=\"article:published_time\" content=\"2020-06-02T16:05:44+00:00\" \/>\n<meta property=\"article:modified_time\" content=\"2020-06-02T16:12:31+00:00\" \/>\n<meta name=\"twitter:card\" content=\"summary_large_image\" \/>\n<script type=\"application\/ld+json\" class=\"yoast-schema-graph\">{\"@context\":\"https:\/\/schema.org\",\"@graph\":[{\"@type\":\"WebSite\",\"@id\":\"https:\/\/sambapunk.com.br\/#website\",\"url\":\"https:\/\/sambapunk.com.br\/\",\"name\":\"sambapunk\",\"description\":\"\",\"potentialAction\":[{\"@type\":\"SearchAction\",\"target\":\"https:\/\/sambapunk.com.br\/?s={search_term_string}\",\"query-input\":\"required name=search_term_string\"}],\"inLanguage\":\"pt-BR\"},{\"@type\":\"WebPage\",\"@id\":\"https:\/\/sambapunk.com.br\/?p=115#webpage\",\"url\":\"https:\/\/sambapunk.com.br\/?p=115\",\"name\":\"Velocidade - sambapunk\",\"isPartOf\":{\"@id\":\"https:\/\/sambapunk.com.br\/#website\"},\"datePublished\":\"2020-06-02T16:05:44+00:00\",\"dateModified\":\"2020-06-02T16:12:31+00:00\",\"author\":{\"@id\":\"https:\/\/sambapunk.com.br\/#\/schema\/person\/fb3630fdfa003c4ed928306c08b7b121\"},\"inLanguage\":\"pt-BR\",\"potentialAction\":[{\"@type\":\"ReadAction\",\"target\":[\"https:\/\/sambapunk.com.br\/?p=115\"]}]},{\"@type\":[\"Person\"],\"@id\":\"https:\/\/sambapunk.com.br\/#\/schema\/person\/fb3630fdfa003c4ed928306c08b7b121\",\"name\":\"Adilson Pereira\",\"image\":{\"@type\":\"ImageObject\",\"@id\":\"https:\/\/sambapunk.com.br\/#personlogo\",\"inLanguage\":\"pt-BR\",\"url\":\"https:\/\/secure.gravatar.com\/avatar\/3eba92a6aecdf0ed174373a38e9a19ef4a1f022d17242e397e7c9ef930f9659e?s=96&d=mm&r=g\",\"caption\":\"Adilson Pereira\"}}]}<\/script>\n<!-- \/ Yoast SEO plugin. -->","_links":{"self":[{"href":"https:\/\/sambapunk.com.br\/index.php?rest_route=\/wp\/v2\/posts\/115","targetHints":{"allow":["GET"]}}],"collection":[{"href":"https:\/\/sambapunk.com.br\/index.php?rest_route=\/wp\/v2\/posts"}],"about":[{"href":"https:\/\/sambapunk.com.br\/index.php?rest_route=\/wp\/v2\/types\/post"}],"author":[{"embeddable":true,"href":"https:\/\/sambapunk.com.br\/index.php?rest_route=\/wp\/v2\/users\/1"}],"replies":[{"embeddable":true,"href":"https:\/\/sambapunk.com.br\/index.php?rest_route=%2Fwp%2Fv2%2Fcomments&post=115"}],"version-history":[{"count":1,"href":"https:\/\/sambapunk.com.br\/index.php?rest_route=\/wp\/v2\/posts\/115\/revisions"}],"predecessor-version":[{"id":116,"href":"https:\/\/sambapunk.com.br\/index.php?rest_route=\/wp\/v2\/posts\/115\/revisions\/116"}],"wp:attachment":[{"href":"https:\/\/sambapunk.com.br\/index.php?rest_route=%2Fwp%2Fv2%2Fmedia&parent=115"}],"wp:term":[{"taxonomy":"category","embeddable":true,"href":"https:\/\/sambapunk.com.br\/index.php?rest_route=%2Fwp%2Fv2%2Fcategories&post=115"},{"taxonomy":"post_tag","embeddable":true,"href":"https:\/\/sambapunk.com.br\/index.php?rest_route=%2Fwp%2Fv2%2Ftags&post=115"}],"curies":[{"name":"wp","href":"https:\/\/api.w.org\/{rel}","templated":true}]}}